{"id":2416,"date":"2015-05-14T16:41:13","date_gmt":"2015-05-14T16:41:13","guid":{"rendered":"http:\/\/manoli.ca\/portrait-famille-sauve-2\/"},"modified":"2019-02-13T16:26:11","modified_gmt":"2019-02-13T16:26:11","slug":"portrait-famille-sauve","status":"publish","type":"post","link":"https:\/\/manoli.ca\/fr\/portrait-famille-sauve\/","title":{"rendered":"Portrait famille Sauv\u00e9 &#8211; May 2015"},"content":{"rendered":"<p><a href=\"http:\/\/manoli.ca\/wp-content\/uploads\/2015\/05\/2015-05-paul-sauve-article-21.jpg\"><img decoding=\"async\" class=\" size-full wp-image-2418 aligncenter\" src=\"http:\/\/manoli.ca\/wp-content\/uploads\/2015\/05\/2015-05-paul-sauve-article-21.jpg\" alt=\"2015-05-paul-sauve-article-2\" width=\"712\" height=\"300\" srcset=\"https:\/\/manoli.ca\/wp-content\/uploads\/2015\/05\/2015-05-paul-sauve-article-21.jpg 712w, https:\/\/manoli.ca\/wp-content\/uploads\/2015\/05\/2015-05-paul-sauve-article-21-300x126.jpg 300w\" sizes=\"(max-width: 712px) 100vw, 712px\" \/><\/a><\/p>\n<p>Paul Sauv\u00e9 s\u2019entra\u00eene au karat\u00e9 avec ses enfants, Sara-Maude et Charles-Antoine, depuis cinq ans. La pratique de ce sport en famille lui permet de participer activement au d\u00e9veloppement des habilet\u00e9s de ses enfants.<\/p>\n<div id=\"attachment_2419\" style=\"width: 700px\" class=\"wp-caption aligncenter\"><img decoding=\"async\" aria-describedby=\"caption-attachment-2419\" class=\"wp-image-2419 size-full\" src=\"http:\/\/manoli.ca\/wp-content\/uploads\/2015\/05\/2015-05-paul-sauve-article1.jpg\" alt=\"2015-05-paul-sauve-article\" width=\"700\" height=\"524\" srcset=\"https:\/\/manoli.ca\/wp-content\/uploads\/2015\/05\/2015-05-paul-sauve-article1.jpg 700w, https:\/\/manoli.ca\/wp-content\/uploads\/2015\/05\/2015-05-paul-sauve-article1-300x225.jpg 300w\" sizes=\"(max-width: 700px) 100vw, 700px\" \/><p id=\"caption-attachment-2419\" class=\"wp-caption-text\">De gauche \u00e0 droite : Sara-Maude, George Manoli (ma\u00eetre-enseignant), Paul Sauv\u00e9 et Charles-Antoine.<\/p><\/div>\n<p>&nbsp;<\/p>\n<p>C\u2019est en inscrivant ses enfants au T\u00f0kon Karate and Jiu-jitsu club de Beaconsfield que Paul Sauv\u00e9 d\u00e9couvre cet art martial qui se nomme le Shorinjiryu Kenkokan karatedo. Le Sensei (ma\u00eetre-enseignant) lui demande alors de se joindre au premier cours afin d\u2019aider ses enfants. Il prend go\u00fbt \u00e0 ce sport imm\u00e9diatement ! Apr\u00e8s quelques tournois r\u00e9gionaux \u00e0 Beaconsfield et Sainte-Sophie en 2011, 2012 et 2013, Paul a \u00e9t\u00e9 m\u00e9daill\u00e9 de bronze et sa fille Sara-Maude m\u00e9daill\u00e9e d\u2019argent au Canadian Koshiki Karate (Safety Contact) Open Championships \u00e0 London (Ontario) en 2014. La m\u00eame ann\u00e9e, \u00e0 la Koshiki Cup, Paul \u00e9tait m\u00e9daill\u00e9 d\u2019argent et son fils Charles-Antoine m\u00e9daill\u00e9 de bronze.<\/p>\n<p><em>\u00ab&nbsp;Pour mes enfants et moi, un \u00e9l\u00e9ment primordial pour nous permettre d\u2019appr\u00e9cier ce sport est la grande patience de notre Sensei George Manoli ainsi que l\u2019esprit d\u2019\u00e9quipe des autres karatekas de notre club. C\u2019est toute une aventure que je poursuis avec eux ! Notre Sensei dit toujours qu\u2019il est facile de pousser des enfants dans une activit\u00e9 et de leur dire \u2018\u2018Vas-y, tu peux faire mieux que cela&nbsp;!\u2019\u2019 mais de participer avec eux, d\u2019apprendre et de comprendre les m\u00eames notions et techniques de combat, c\u2019est tr\u00e8s exigeant.<\/em><\/p>\n<p><em>\u00ab&nbsp;Afin de participer aux tournois, il faut suivre un programme d\u2019entra\u00eenement rigoureux \u00e9tal\u00e9 sur plusieurs semaines. Il est aussi n\u00e9cessaire de b\u00e9n\u00e9ficier de quelques ann\u00e9es d\u2019exp\u00e9rience afin de faire honneur au Dojo que l\u2019on repr\u00e9sente. Le karat\u00e9 Shorinjiryu Kenkokan requiert une grande capacit\u00e9 de concentration, de la rigueur, de la discipline, du contr\u00f4le de soi et beaucoup de patience. Ce sport permet d\u2019amener les enfants \u00e0 d\u00e9velopper leur estime de soi, de croire en leurs moyens et de savoir qu\u2019ils ont les outils en eux pour relever diff\u00e9rents d\u00e9fis. Il n\u2019y a rien qui s\u2019acquiert sans effort. Les enfants apprennent aussi \u00e0 se responsabiliser car ils doivent s\u2019assurer de bien conna\u00eetre leurs techniques et la th\u00e9orie de cet art martial pour leur passage de ceinture.<\/em><\/p>\n<p><em>\u00ab&nbsp;Nous nous entra\u00eenons ensemble deux fois par semaine le jeudi et le samedi, en tout sept heures par semaine. Mon gar\u00e7on de neuf ans se pratique avec les plus jeunes et ma fille de douze ans s\u2019entra\u00eene aux adultes avec moi (elle suit le m\u00eame programme). Bien qu\u2019exigeant, l\u2019entra\u00eenement se fait dans un environnement ludique et s\u00e9curitaire afin que tous (petits et grands) puissent y trouver de l\u2019agr\u00e9ment et le d\u00e9sir de s\u2019am\u00e9liorer. Nous suivons aussi des cours l\u2019\u00e9t\u00e9 avec un Senpai (\u00e9l\u00e8ve senior, ceinture noire), un soir par semaine dans un parc. J\u2019y vais avec mes enfants et des amis des enfants du Dojo.<\/em><\/p>\n<p><em>\u00ab&nbsp;J\u2019ai toujours tent\u00e9 d\u2019encourager les enfants, ne pas les tra\u00eener de force \u00e0 l\u2019activit\u00e9 (pas toujours facile les premi\u00e8res ann\u00e9es\u2026). Il fallait qu\u2019ils trouvent leur propre source d\u2019inspiration et qu\u2019ils se fixent leurs objectifs. Mon fils a par ailleurs convaincu trois de ses amis \u00e0 se joindre \u00e0 notre club (ils y sont maintenant depuis deux ans). Nous sommes tous les trois pr\u00eats \u00e0 relever, en famille, les d\u00e9fis exig\u00e9s pour atteindre les prochains niveaux. Qui sait si moi ou mes enfants enseignerons plus tard le karat\u00e9 ?<\/em><\/p>\n<h3>Related Images:<\/h3>","protected":false},"excerpt":{"rendered":"<p>Paul Sauv\u00e9 s\u2019entra\u00eene au karat\u00e9 avec ses enfants, Sara-Maude et Charles-Antoine, depuis cinq ans. La pratique de ce sport en famille lui permet de participer activement au d\u00e9veloppement des habilet\u00e9s de ses enfants. &nbsp; C\u2019est en inscrivant ses enfants au T\u00f0kon Karate and Jiu-jitsu club de Beaconsfield que Paul Sauv\u00e9 d\u00e9couvre cet art martial qui &#8230;<\/p>\n","protected":false},"author":2,"featured_media":0,"comment_status":"closed","ping_status":"closed","sticky":false,"template":"","format":"standard","meta":{"ngg_post_thumbnail":0,"footnotes":""},"categories":[62],"tags":[],"class_list":["post-2416","post","type-post","status-publish","format-standard","hentry","category-karate-fr"],"yoast_head":"<!-- This site is optimized with the Yoast SEO plugin v27.2 - https:\/\/yoast.com\/product\/yoast-seo-wordpress\/ -->\n<title>Portrait famille Sauv\u00e9 - May 2015 - George Manoli Inc<\/title>\n<meta name=\"robots\" content=\"index, follow, max-snippet:-1, max-image-preview:large, max-video-preview:-1\" \/>\n<link rel=\"canonical\" href=\"https:\/\/manoli.ca\/fr\/portrait-famille-sauve\/\" \/>\n<meta property=\"og:locale\" content=\"fr_FR\" \/>\n<meta property=\"og:type\" content=\"article\" \/>\n<meta property=\"og:title\" content=\"Portrait famille Sauv\u00e9 - May 2015 - George Manoli Inc\" \/>\n<meta property=\"og:description\" content=\"Paul Sauv\u00e9 s\u2019entra\u00eene au karat\u00e9 avec ses enfants, Sara-Maude et Charles-Antoine, depuis cinq ans. La pratique de ce sport en famille lui permet de participer activement au d\u00e9veloppement des habilet\u00e9s de ses enfants. &nbsp; C\u2019est en inscrivant ses enfants au T\u00f0kon Karate and Jiu-jitsu club de Beaconsfield que Paul Sauv\u00e9 d\u00e9couvre cet art martial qui ...\" \/>\n<meta property=\"og:url\" content=\"https:\/\/manoli.ca\/fr\/portrait-famille-sauve\/\" \/>\n<meta property=\"og:site_name\" content=\"George Manoli Inc\" \/>\n<meta property=\"article:published_time\" content=\"2015-05-14T16:41:13+00:00\" \/>\n<meta property=\"article:modified_time\" content=\"2019-02-13T16:26:11+00:00\" \/>\n<meta property=\"og:image\" content=\"http:\/\/manoli.ca\/wp-content\/uploads\/2015\/05\/2015-05-paul-sauve-article-21.jpg\" \/>\n<meta name=\"author\" content=\"George Manoli\" \/>\n<meta name=\"twitter:card\" content=\"summary_large_image\" \/>\n<meta name=\"twitter:creator\" content=\"@tokondojo\" \/>\n<meta name=\"twitter:site\" content=\"@tokondojo\" \/>\n<meta name=\"twitter:label1\" content=\"\u00c9crit par\" \/>\n\t<meta name=\"twitter:data1\" content=\"George Manoli\" \/>\n\t<meta name=\"twitter:label2\" content=\"Dur\u00e9e de lecture estim\u00e9e\" \/>\n\t<meta name=\"twitter:data2\" content=\"3 minutes\" \/>\n<script type=\"application\/ld+json\" class=\"yoast-schema-graph\">{\"@context\":\"https:\/\/schema.org\",\"@graph\":[{\"@type\":\"Article\",\"@id\":\"https:\/\/manoli.ca\/fr\/portrait-famille-sauve\/#article\",\"isPartOf\":{\"@id\":\"https:\/\/manoli.ca\/fr\/portrait-famille-sauve\/\"},\"author\":{\"name\":\"George Manoli\",\"@id\":\"https:\/\/manoli.ca\/fr\/#\/schema\/person\/d0729c3168da9c3e36fb53f6012e0041\"},\"headline\":\"Portrait famille Sauv\u00e9 &#8211; May 2015\",\"datePublished\":\"2015-05-14T16:41:13+00:00\",\"dateModified\":\"2019-02-13T16:26:11+00:00\",\"mainEntityOfPage\":{\"@id\":\"https:\/\/manoli.ca\/fr\/portrait-famille-sauve\/\"},\"wordCount\":641,\"image\":{\"@id\":\"https:\/\/manoli.ca\/fr\/portrait-famille-sauve\/#primaryimage\"},\"thumbnailUrl\":\"http:\/\/manoli.ca\/wp-content\/uploads\/2015\/05\/2015-05-paul-sauve-article-21.jpg\",\"articleSection\":[\"Karat\u00e9\"],\"inLanguage\":\"fr-FR\"},{\"@type\":\"WebPage\",\"@id\":\"https:\/\/manoli.ca\/fr\/portrait-famille-sauve\/\",\"url\":\"https:\/\/manoli.ca\/fr\/portrait-famille-sauve\/\",\"name\":\"Portrait famille Sauv\u00e9 - May 2015 - George Manoli Inc\",\"isPartOf\":{\"@id\":\"https:\/\/manoli.ca\/fr\/#website\"},\"primaryImageOfPage\":{\"@id\":\"https:\/\/manoli.ca\/fr\/portrait-famille-sauve\/#primaryimage\"},\"image\":{\"@id\":\"https:\/\/manoli.ca\/fr\/portrait-famille-sauve\/#primaryimage\"},\"thumbnailUrl\":\"http:\/\/manoli.ca\/wp-content\/uploads\/2015\/05\/2015-05-paul-sauve-article-21.jpg\",\"datePublished\":\"2015-05-14T16:41:13+00:00\",\"dateModified\":\"2019-02-13T16:26:11+00:00\",\"author\":{\"@id\":\"https:\/\/manoli.ca\/fr\/#\/schema\/person\/d0729c3168da9c3e36fb53f6012e0041\"},\"breadcrumb\":{\"@id\":\"https:\/\/manoli.ca\/fr\/portrait-famille-sauve\/#breadcrumb\"},\"inLanguage\":\"fr-FR\",\"potentialAction\":[{\"@type\":\"ReadAction\",\"target\":[\"https:\/\/manoli.ca\/fr\/portrait-famille-sauve\/\"]}]},{\"@type\":\"ImageObject\",\"inLanguage\":\"fr-FR\",\"@id\":\"https:\/\/manoli.ca\/fr\/portrait-famille-sauve\/#primaryimage\",\"url\":\"http:\/\/manoli.ca\/wp-content\/uploads\/2015\/05\/2015-05-paul-sauve-article-21.jpg\",\"contentUrl\":\"http:\/\/manoli.ca\/wp-content\/uploads\/2015\/05\/2015-05-paul-sauve-article-21.jpg\"},{\"@type\":\"BreadcrumbList\",\"@id\":\"https:\/\/manoli.ca\/fr\/portrait-famille-sauve\/#breadcrumb\",\"itemListElement\":[{\"@type\":\"ListItem\",\"position\":1,\"name\":\"Home\",\"item\":\"https:\/\/manoli.ca\/fr\/\"},{\"@type\":\"ListItem\",\"position\":2,\"name\":\"Portrait famille Sauv\u00e9 &#8211; May 2015\"}]},{\"@type\":\"WebSite\",\"@id\":\"https:\/\/manoli.ca\/fr\/#website\",\"url\":\"https:\/\/manoli.ca\/fr\/\",\"name\":\"George Manoli Inc\",\"description\":\"\",\"potentialAction\":[{\"@type\":\"SearchAction\",\"target\":{\"@type\":\"EntryPoint\",\"urlTemplate\":\"https:\/\/manoli.ca\/fr\/?s={search_term_string}\"},\"query-input\":{\"@type\":\"PropertyValueSpecification\",\"valueRequired\":true,\"valueName\":\"search_term_string\"}}],\"inLanguage\":\"fr-FR\"},{\"@type\":\"Person\",\"@id\":\"https:\/\/manoli.ca\/fr\/#\/schema\/person\/d0729c3168da9c3e36fb53f6012e0041\",\"name\":\"George Manoli\",\"image\":{\"@type\":\"ImageObject\",\"inLanguage\":\"fr-FR\",\"@id\":\"https:\/\/secure.gravatar.com\/avatar\/bfb7e16c5ce936855c764e57986c463dfe23263bc01d5806951de548bb6e2abd?s=96&d=mm&r=g\",\"url\":\"https:\/\/secure.gravatar.com\/avatar\/bfb7e16c5ce936855c764e57986c463dfe23263bc01d5806951de548bb6e2abd?s=96&d=mm&r=g\",\"contentUrl\":\"https:\/\/secure.gravatar.com\/avatar\/bfb7e16c5ce936855c764e57986c463dfe23263bc01d5806951de548bb6e2abd?s=96&d=mm&r=g\",\"caption\":\"George Manoli\"},\"sameAs\":[\"https:\/\/manoli.ca\/about-us\/the-director\/\"]}]}<\/script>\n<!-- \/ Yoast SEO plugin. -->","yoast_head_json":{"title":"Portrait famille Sauv\u00e9 - May 2015 - George Manoli Inc","robots":{"index":"index","follow":"follow","max-snippet":"max-snippet:-1","max-image-preview":"max-image-preview:large","max-video-preview":"max-video-preview:-1"},"canonical":"https:\/\/manoli.ca\/fr\/portrait-famille-sauve\/","og_locale":"fr_FR","og_type":"article","og_title":"Portrait famille Sauv\u00e9 - May 2015 - George Manoli Inc","og_description":"Paul Sauv\u00e9 s\u2019entra\u00eene au karat\u00e9 avec ses enfants, Sara-Maude et Charles-Antoine, depuis cinq ans. La pratique de ce sport en famille lui permet de participer activement au d\u00e9veloppement des habilet\u00e9s de ses enfants. &nbsp; C\u2019est en inscrivant ses enfants au T\u00f0kon Karate and Jiu-jitsu club de Beaconsfield que Paul Sauv\u00e9 d\u00e9couvre cet art martial qui ...","og_url":"https:\/\/manoli.ca\/fr\/portrait-famille-sauve\/","og_site_name":"George Manoli Inc","article_published_time":"2015-05-14T16:41:13+00:00","article_modified_time":"2019-02-13T16:26:11+00:00","og_image":[{"url":"http:\/\/manoli.ca\/wp-content\/uploads\/2015\/05\/2015-05-paul-sauve-article-21.jpg","type":"","width":"","height":""}],"author":"George Manoli","twitter_card":"summary_large_image","twitter_creator":"@tokondojo","twitter_site":"@tokondojo","twitter_misc":{"\u00c9crit par":"George Manoli","Dur\u00e9e de lecture estim\u00e9e":"3 minutes"},"schema":{"@context":"https:\/\/schema.org","@graph":[{"@type":"Article","@id":"https:\/\/manoli.ca\/fr\/portrait-famille-sauve\/#article","isPartOf":{"@id":"https:\/\/manoli.ca\/fr\/portrait-famille-sauve\/"},"author":{"name":"George Manoli","@id":"https:\/\/manoli.ca\/fr\/#\/schema\/person\/d0729c3168da9c3e36fb53f6012e0041"},"headline":"Portrait famille Sauv\u00e9 &#8211; May 2015","datePublished":"2015-05-14T16:41:13+00:00","dateModified":"2019-02-13T16:26:11+00:00","mainEntityOfPage":{"@id":"https:\/\/manoli.ca\/fr\/portrait-famille-sauve\/"},"wordCount":641,"image":{"@id":"https:\/\/manoli.ca\/fr\/portrait-famille-sauve\/#primaryimage"},"thumbnailUrl":"http:\/\/manoli.ca\/wp-content\/uploads\/2015\/05\/2015-05-paul-sauve-article-21.jpg","articleSection":["Karat\u00e9"],"inLanguage":"fr-FR"},{"@type":"WebPage","@id":"https:\/\/manoli.ca\/fr\/portrait-famille-sauve\/","url":"https:\/\/manoli.ca\/fr\/portrait-famille-sauve\/","name":"Portrait famille Sauv\u00e9 - May 2015 - George Manoli Inc","isPartOf":{"@id":"https:\/\/manoli.ca\/fr\/#website"},"primaryImageOfPage":{"@id":"https:\/\/manoli.ca\/fr\/portrait-famille-sauve\/#primaryimage"},"image":{"@id":"https:\/\/manoli.ca\/fr\/portrait-famille-sauve\/#primaryimage"},"thumbnailUrl":"http:\/\/manoli.ca\/wp-content\/uploads\/2015\/05\/2015-05-paul-sauve-article-21.jpg","datePublished":"2015-05-14T16:41:13+00:00","dateModified":"2019-02-13T16:26:11+00:00","author":{"@id":"https:\/\/manoli.ca\/fr\/#\/schema\/person\/d0729c3168da9c3e36fb53f6012e0041"},"breadcrumb":{"@id":"https:\/\/manoli.ca\/fr\/portrait-famille-sauve\/#breadcrumb"},"inLanguage":"fr-FR","potentialAction":[{"@type":"ReadAction","target":["https:\/\/manoli.ca\/fr\/portrait-famille-sauve\/"]}]},{"@type":"ImageObject","inLanguage":"fr-FR","@id":"https:\/\/manoli.ca\/fr\/portrait-famille-sauve\/#primaryimage","url":"http:\/\/manoli.ca\/wp-content\/uploads\/2015\/05\/2015-05-paul-sauve-article-21.jpg","contentUrl":"http:\/\/manoli.ca\/wp-content\/uploads\/2015\/05\/2015-05-paul-sauve-article-21.jpg"},{"@type":"BreadcrumbList","@id":"https:\/\/manoli.ca\/fr\/portrait-famille-sauve\/#breadcrumb","itemListElement":[{"@type":"ListItem","position":1,"name":"Home","item":"https:\/\/manoli.ca\/fr\/"},{"@type":"ListItem","position":2,"name":"Portrait famille Sauv\u00e9 &#8211; May 2015"}]},{"@type":"WebSite","@id":"https:\/\/manoli.ca\/fr\/#website","url":"https:\/\/manoli.ca\/fr\/","name":"George Manoli Inc","description":"","potentialAction":[{"@type":"SearchAction","target":{"@type":"EntryPoint","urlTemplate":"https:\/\/manoli.ca\/fr\/?s={search_term_string}"},"query-input":{"@type":"PropertyValueSpecification","valueRequired":true,"valueName":"search_term_string"}}],"inLanguage":"fr-FR"},{"@type":"Person","@id":"https:\/\/manoli.ca\/fr\/#\/schema\/person\/d0729c3168da9c3e36fb53f6012e0041","name":"George Manoli","image":{"@type":"ImageObject","inLanguage":"fr-FR","@id":"https:\/\/secure.gravatar.com\/avatar\/bfb7e16c5ce936855c764e57986c463dfe23263bc01d5806951de548bb6e2abd?s=96&d=mm&r=g","url":"https:\/\/secure.gravatar.com\/avatar\/bfb7e16c5ce936855c764e57986c463dfe23263bc01d5806951de548bb6e2abd?s=96&d=mm&r=g","contentUrl":"https:\/\/secure.gravatar.com\/avatar\/bfb7e16c5ce936855c764e57986c463dfe23263bc01d5806951de548bb6e2abd?s=96&d=mm&r=g","caption":"George Manoli"},"sameAs":["https:\/\/manoli.ca\/about-us\/the-director\/"]}]}},"_links":{"self":[{"href":"https:\/\/manoli.ca\/fr\/wp-json\/wp\/v2\/posts\/2416","targetHints":{"allow":["GET"]}}],"collection":[{"href":"https:\/\/manoli.ca\/fr\/wp-json\/wp\/v2\/posts"}],"about":[{"href":"https:\/\/manoli.ca\/fr\/wp-json\/wp\/v2\/types\/post"}],"author":[{"embeddable":true,"href":"https:\/\/manoli.ca\/fr\/wp-json\/wp\/v2\/users\/2"}],"replies":[{"embeddable":true,"href":"https:\/\/manoli.ca\/fr\/wp-json\/wp\/v2\/comments?post=2416"}],"version-history":[{"count":4,"href":"https:\/\/manoli.ca\/fr\/wp-json\/wp\/v2\/posts\/2416\/revisions"}],"predecessor-version":[{"id":5546,"href":"https:\/\/manoli.ca\/fr\/wp-json\/wp\/v2\/posts\/2416\/revisions\/5546"}],"wp:attachment":[{"href":"https:\/\/manoli.ca\/fr\/wp-json\/wp\/v2\/media?parent=2416"}],"wp:term":[{"taxonomy":"category","embeddable":true,"href":"https:\/\/manoli.ca\/fr\/wp-json\/wp\/v2\/categories?post=2416"},{"taxonomy":"post_tag","embeddable":true,"href":"https:\/\/manoli.ca\/fr\/wp-json\/wp\/v2\/tags?post=2416"}],"curies":[{"name":"wp","href":"https:\/\/api.w.org\/{rel}","templated":true}]}}